{"id":2440,"date":"2017-11-16T15:20:52","date_gmt":"2017-11-16T13:20:52","guid":{"rendered":"http:\/\/bonnesadressesremoises.fr\/?p=2440"},"modified":"2018-11-21T18:03:57","modified_gmt":"2018-11-21T16:03:57","slug":"marche-de-noel-reims","status":"publish","type":"post","link":"https:\/\/bonnesadressesremoises.fr\/index.php\/marche-de-noel-reims\/","title":{"rendered":"Le March\u00e9 de N\u00f6el \u00e0 Reims"},"content":{"rendered":"<p><strong>Les 145 chalets du Village de No\u00ebl de Reims occupent le parvis de la Cath\u00e9drale et les espaces aux alentours<\/strong><strong>.<\/strong><\/p>\n<p><img loading=\"lazy\" decoding=\"async\" class=\"aligncenter wp-image-11947 size-full\" src=\"https:\/\/bonnesadressesremoises.fr\/wp-content\/uploads\/2016\/11\/marche-de-noel-1.jpg\" alt=\"Les chalets du Village de No\u00ebl autour de la cath\u00e9drale de Reims\" width=\"780\" height=\"344\" srcset=\"https:\/\/bonnesadressesremoises.fr\/wp-content\/uploads\/2016\/11\/marche-de-noel-1.jpg 780w, https:\/\/bonnesadressesremoises.fr\/wp-content\/uploads\/2016\/11\/marche-de-noel-1-768x339.jpg 768w, https:\/\/bonnesadressesremoises.fr\/wp-content\/uploads\/2016\/11\/marche-de-noel-1-500x221.jpg 500w\" sizes=\"auto, (max-width: 780px) 100vw, 780px\" \/><\/p>\n<p><img loading=\"lazy\" decoding=\"async\" class=\"aligncenter size-full wp-image-11948\" src=\"https:\/\/bonnesadressesremoises.fr\/wp-content\/uploads\/2016\/11\/marche-de-noel-2.jpg\" alt=\"Le sapin de No\u00ebl au bout de la place d'Erlon\" width=\"780\" height=\"495\" srcset=\"https:\/\/bonnesadressesremoises.fr\/wp-content\/uploads\/2016\/11\/marche-de-noel-2.jpg 780w, https:\/\/bonnesadressesremoises.fr\/wp-content\/uploads\/2016\/11\/marche-de-noel-2-768x487.jpg 768w, https:\/\/bonnesadressesremoises.fr\/wp-content\/uploads\/2016\/11\/marche-de-noel-2-473x300.jpg 473w\" sizes=\"auto, (max-width: 780px) 100vw, 780px\" \/><\/p>\n<p><!--more--><\/p>\n<p><strong>Le march\u00e9 se tient du 21 novembre au 28 d\u00e9cembre 2018.<\/strong><\/p>\n<p><img loading=\"lazy\" decoding=\"async\" class=\"alignnone size-full wp-image-7371\" src=\"https:\/\/bonnesadressesremoises.fr\/wp-content\/uploads\/2014\/11\/marche-noel-reims-2014-5.jpg\" alt=\"marche-noel-reims-2014-5\" width=\"700\" height=\"445\" srcset=\"https:\/\/bonnesadressesremoises.fr\/wp-content\/uploads\/2014\/11\/marche-noel-reims-2014-5.jpg 700w, https:\/\/bonnesadressesremoises.fr\/wp-content\/uploads\/2014\/11\/marche-noel-reims-2014-5-471x300.jpg 471w\" sizes=\"auto, (max-width: 700px) 100vw, 700px\" \/><\/p>\n<p>Le Village de No\u00ebl compte un<strong> \u00ab\u00a0Royaume des Enfants\u00a0\u00bb<\/strong>\u00a0dans la deuxi\u00e8me cour du Palais du Tau (juste \u00e0 c\u00f4t\u00e9 de la cath\u00e9drale) avec : le <strong>\u00ab\u00a0Palais Enchant\u00e9\u00a0\u00bb<\/strong> franchement r\u00e9ussi avec des automates que les petits se feront un plaisir de voir et de revoir (acc\u00e8s gratuit),<strong> le petit train<\/strong> (gratuit), une<strong> patinoire<\/strong> pour les moins de 12 ans (parent accompagnateur accept\u00e9), une activit\u00e9 <strong>accrobranche<\/strong> (1\u20ac) ainsi que <strong>le chalet du P\u00e8re No\u00ebl<\/strong>.<\/p>\n<p>On retrouve \u00e9galement le <strong>Village des Artisans<\/strong> et une<strong> Cr\u00e8che<\/strong>\u00a0dans la premi\u00e8re cour.<\/p>\n<p>La Place du Forum a accueillie une Grande Roue en 2016. Mais depuis 2017, vous retrouverez la\u00a0<strong>Grande Roue<\/strong> de 50m install\u00e9e sur la <strong>Place d&rsquo;Erlon <\/strong>(accessible de 10h \u00e0 22h &#8211; cabines ferm\u00e9es et chauff\u00e9es).<\/p>\n<p><img loading=\"lazy\" decoding=\"async\" class=\"aligncenter wp-image-11949 size-full\" title=\"Grande Roue Place du Forum - March\u00e9 de No\u00ebl 2016 \u00e0 Reims\" src=\"https:\/\/bonnesadressesremoises.fr\/wp-content\/uploads\/2016\/11\/marche-de-noel-3.jpg\" alt=\"Grande Roue Place du Forum - March\u00e9 de No\u00ebl 2016 \u00e0 Reims\" width=\"780\" height=\"499\" srcset=\"https:\/\/bonnesadressesremoises.fr\/wp-content\/uploads\/2016\/11\/marche-de-noel-3.jpg 780w, https:\/\/bonnesadressesremoises.fr\/wp-content\/uploads\/2016\/11\/marche-de-noel-3-768x491.jpg 768w, https:\/\/bonnesadressesremoises.fr\/wp-content\/uploads\/2016\/11\/marche-de-noel-3-469x300.jpg 469w\" sizes=\"auto, (max-width: 780px) 100vw, 780px\" \/><\/p>\n<p><img loading=\"lazy\" decoding=\"async\" class=\"aligncenter size-full wp-image-4687\" src=\"https:\/\/bonnesadressesremoises.fr\/wp-content\/uploads\/2013\/10\/marche-noel-reims-1.jpg\" alt=\"Le petit train (gratuit)\" width=\"600\" height=\"323\" srcset=\"https:\/\/bonnesadressesremoises.fr\/wp-content\/uploads\/2013\/10\/marche-noel-reims-1.jpg 600w, https:\/\/bonnesadressesremoises.fr\/wp-content\/uploads\/2013\/10\/marche-noel-reims-1-500x269.jpg 500w\" sizes=\"auto, (max-width: 600px) 100vw, 600px\" \/><\/p>\n<p>Comme tous les ans, les commer\u00e7ants proposent des produits gastronomiques, des artisans pr\u00e9sentent leurs cr\u00e9ations, il y a aussi des stands d&rsquo;associations et bien s\u00fbr de quoi satisfaire une petite fringale avec gaufres ou churros. La bonne id\u00e9e en plus depuis 2012 : la possibilit\u00e9 de boire une petite coupe de Champagne \u00e0 5\u20ac sur un kiosque !\u00a0<strong>(on retrouve ce kiosque \u00e0 champagne pr\u00e8s de la cath\u00e9drale !)<\/strong><\/p>\n<p>Il y a aussi le petit train gratuit qui permet de se rendre dans les diff\u00e9rents lieux du village de No\u00ebl, les balades en poney propos\u00e9es sur le parvis (4\u20ac), les promenades en cal\u00e8che (2\u20ac pour les adultes \/ 1\u20ac pour les enfants de plus de trois ans).<\/p>\n<p>La petite nouveaut\u00e9 2018\u00a0<em>(et la super id\u00e9e ^^)<\/em> pour bien vous rep\u00e9rer sur les diff\u00e9rents lieux du March\u00e9 de No\u00ebl r\u00e9mois, c&rsquo;est de suivre le \u00ab\u00a0chemin lumineux\u00a0\u00bb. Il passe notamment devant la gare centrale et l&rsquo;Office du Tourisme.\u00a0Les boules de lumi\u00e8re \u00e0 traverser et autres illuminations \u00e9merveilleront petits et grands.<\/p>\n<p><img loading=\"lazy\" decoding=\"async\" class=\"aligncenter size-full wp-image-13125\" style=\"border: 0px;\" src=\"https:\/\/bonnesadressesremoises.fr\/wp-content\/uploads\/2017\/11\/plan-chemin-lumineux.jpg\" alt=\"\" width=\"1600\" height=\"1090\" srcset=\"https:\/\/bonnesadressesremoises.fr\/wp-content\/uploads\/2017\/11\/plan-chemin-lumineux.jpg 1600w, https:\/\/bonnesadressesremoises.fr\/wp-content\/uploads\/2017\/11\/plan-chemin-lumineux-768x523.jpg 768w, https:\/\/bonnesadressesremoises.fr\/wp-content\/uploads\/2017\/11\/plan-chemin-lumineux-440x300.jpg 440w\" sizes=\"auto, (max-width: 1600px) 100vw, 1600px\" \/><\/p>\n<p><img loading=\"lazy\" decoding=\"async\" class=\"alignnone size-full wp-image-4117\" src=\"https:\/\/bonnesadressesremoises.fr\/wp-content\/uploads\/2013\/07\/reve-de-couleurs-7.png\" alt=\"R\u00eave de couleurs\" width=\"581\" height=\"352\" srcset=\"https:\/\/bonnesadressesremoises.fr\/wp-content\/uploads\/2013\/07\/reve-de-couleurs-7.png 581w, https:\/\/bonnesadressesremoises.fr\/wp-content\/uploads\/2013\/07\/reve-de-couleurs-7-495x300.png 495w\" sizes=\"auto, (max-width: 581px) 100vw, 581px\" \/><\/p>\n<p>La cath\u00e9drale se pare elle aussi de lumi\u00e8re en d\u00e9but de soir\u00e9e\u00a0<strong>du 24 novembre au 28 d\u00e9cembre 2018<\/strong>.<\/p>\n<p>Sans oublier la\u00a0<strong>Foire de No\u00ebl\u00a0<\/strong>qui est install\u00e9e Chauss\u00e9e Bocquaine pr\u00e8s du parc L\u00e9o Lagrange (f\u00eate foraine du 01\/12\/2018 au 06\/01\/2019).<\/p>\n<p>Le seul petit b\u00e9mol, l&rsquo;acc\u00e8s \u00e0 la ville devient vite compliqu\u00e9 le week-end, le pire \u00e9tant d&rsquo;en sortir. Oubliez les parkings de l&rsquo;hypercentre !!!\u00a0Pour les r\u00e9calcitrants qui veulent se garer au plus pr\u00e8s, vous pouvez toujours r\u00e9server votre place de stationnement en passant par\u00a0<a href=\"https:\/\/bonnesadressesremoises.fr\/index.php\/parkings-remois-parclick\/\" target=\"_blank\" rel=\"noopener\">Parclick<\/a>.<\/p>\n<div id=\"attachment_4707\" style=\"width: 810px\" class=\"wp-caption aligncenter\"><img loading=\"lazy\" decoding=\"async\" aria-describedby=\"caption-attachment-4707\" class=\" wp-image-4707\" src=\"https:\/\/bonnesadressesremoises.fr\/wp-content\/uploads\/2013\/10\/marche-noel-reims-6.jpg\" alt=\"rue de Tayllerand bouch\u00e9e\" width=\"800\" height=\"223\" srcset=\"https:\/\/bonnesadressesremoises.fr\/wp-content\/uploads\/2013\/10\/marche-noel-reims-6.jpg 800w, https:\/\/bonnesadressesremoises.fr\/wp-content\/uploads\/2013\/10\/marche-noel-reims-6-500x139.jpg 500w\" sizes=\"auto, (max-width: 800px) 100vw, 800px\" \/><p id=\"caption-attachment-4707\" class=\"wp-caption-text\">La circulation fluide dans la rue de Tayllerand devenait satur\u00e9e pendant le village de No\u00ebl.<\/p><\/div>\n<p style=\"text-align: left;\">La ville de Reims encourage les visiteurs \u00e0 <strong>se garer en p\u00e9riph\u00e9rie<\/strong>\u00a0pr\u00e8s du parc de Champagne et \u00e0 rejoindre le centre gr\u00e2ce \u00e0 une navette gratuite qui relie le parking au centre (arr\u00eat \u00e0 l&rsquo;Op\u00e9ra). Ou bien en se garant \u00e0 Bezannes ou dans des parkings relais r\u00e9mois, et en rejoignant le centre \u00e0 l&rsquo;aide du tram.<\/p>\n<p style=\"text-align: left;\">Les visiteurs auraient tort de s&rsquo;en priver et ils n&rsquo;ont plus d&rsquo;excuses pour ne pas se garer en p\u00e9riph\u00e9rie !<\/p>\n<p style=\"text-align: left;\">De plus, la ville de Reims rend l&rsquo;acc\u00e8s au City Bus exceptionnellement gratuit toute la dur\u00e9e d&rsquo;Un No\u00ebl \u00e0 Reims. Cette navette \u00e9lectrique passe \u00e0 proximit\u00e9 de diff\u00e9rents parkings (dont le parking derri\u00e8re la gare qui est bien situ\u00e9 par rapport \u00e0 la quatre-voies). Elle fait le tour de l&rsquo;hyper-centre (<em>une navette toutes les 10 minutes du lundi au samedi inclus de 9h \u00e0 19h<\/em>).<\/p>\n<p style=\"text-align: left;\"><img loading=\"lazy\" decoding=\"async\" class=\"aligncenter size-full wp-image-9994\" src=\"https:\/\/bonnesadressesremoises.fr\/wp-content\/uploads\/2015\/11\/CityBus.jpg\" alt=\"CityBus\" width=\"710\" height=\"439\" srcset=\"https:\/\/bonnesadressesremoises.fr\/wp-content\/uploads\/2015\/11\/CityBus.jpg 710w, https:\/\/bonnesadressesremoises.fr\/wp-content\/uploads\/2015\/11\/CityBus-485x300.jpg 485w\" sizes=\"auto, (max-width: 710px) 100vw, 710px\" \/><\/p>\n<p style=\"text-align: left;\"><img loading=\"lazy\" decoding=\"async\" class=\"aligncenter wp-image-9992 size-full\" src=\"https:\/\/bonnesadressesremoises.fr\/wp-content\/uploads\/2014\/11\/noel-a-reims.jpg\" alt=\"No\u00ebl \u00e0 Reims\" width=\"750\" height=\"606\" srcset=\"https:\/\/bonnesadressesremoises.fr\/wp-content\/uploads\/2014\/11\/noel-a-reims.jpg 750w, https:\/\/bonnesadressesremoises.fr\/wp-content\/uploads\/2014\/11\/noel-a-reims-371x300.jpg 371w\" sizes=\"auto, (max-width: 750px) 100vw, 750px\" \/><\/p>\n<p style=\"text-align: left;\">Les personnes venues d&rsquo;autres d\u00e9partements qu&rsquo;on a pu questionner sont tr\u00e8s contents du march\u00e9 de No\u00ebl, avec une impression d&rsquo;avoir d\u00e9couvert un bel endroit. N&rsquo;h\u00e9sitez donc plus, venez passer un week-end ou une journ\u00e9e \u00e0 Reims avant les f\u00eates ! Vous pourrez faire d&rsquo;une pierre deux coups et vous offrir une <a href=\"https:\/\/bonnesadressesremoises.fr\/index.php\/visite-caves-champagne\/\" target=\"_blank\" rel=\"noopener\">visite de caves<\/a> par la m\u00eame occasion \ud83d\ude09<\/p>\n\n\t\t<style type=\"text\/css\">\n\t\t\t#gallery-1 {\n\t\t\t\tmargin: auto;\n\t\t\t}\n\t\t\t#gallery-1 .gallery-item {\n\t\t\t\tfloat: left;\n\t\t\t\tmargin-top: 10px;\n\t\t\t\ttext-align: center;\n\t\t\t\twidth: 25%;\n\t\t\t}\n\t\t\t#gallery-1 img {\n\t\t\t\tborder: 2px solid #cfcfcf;\n\t\t\t}\n\t\t\t#gallery-1 .gallery-caption {\n\t\t\t\tmargin-left: 0;\n\t\t\t}\n\t\t\t\/* see gallery_shortcode() in wp-includes\/media.php *\/\n\t\t<\/style>\n\t\t<div id='gallery-1' class='gallery galleryid-2440 gallery-columns-4 gallery-size-thumbnail'><dl class='gallery-item'>\n\t\t\t<dt class='gallery-icon landscape'>\n\t\t\t\t<a href='https:\/\/bonnesadressesremoises.fr\/wp-content\/uploads\/2014\/11\/marche-noel-reims-2014-4.jpg'><img loading=\"lazy\" decoding=\"async\" width=\"128\" height=\"81\" src=\"https:\/\/bonnesadressesremoises.fr\/wp-content\/uploads\/2014\/11\/marche-noel-reims-2014-4.jpg\" class=\"attachment-thumbnail size-thumbnail\" alt=\"\" srcset=\"https:\/\/bonnesadressesremoises.fr\/wp-content\/uploads\/2014\/11\/marche-noel-reims-2014-4.jpg 750w, https:\/\/bonnesadressesremoises.fr\/wp-content\/uploads\/2014\/11\/marche-noel-reims-2014-4-472x300.jpg 472w\" sizes=\"auto, (max-width: 128px) 100vw, 128px\" \/><\/a>\n\t\t\t<\/dt><\/dl><dl class='gallery-item'>\n\t\t\t<dt class='gallery-icon landscape'>\n\t\t\t\t<a href='https:\/\/bonnesadressesremoises.fr\/wp-content\/uploads\/2014\/11\/marche-noel-reims-2014-3.jpg'><img loading=\"lazy\" decoding=\"async\" width=\"128\" height=\"81\" src=\"https:\/\/bonnesadressesremoises.fr\/wp-content\/uploads\/2014\/11\/marche-noel-reims-2014-3.jpg\" class=\"attachment-thumbnail size-thumbnail\" alt=\"\" srcset=\"https:\/\/bonnesadressesremoises.fr\/wp-content\/uploads\/2014\/11\/marche-noel-reims-2014-3.jpg 700w, https:\/\/bonnesadressesremoises.fr\/wp-content\/uploads\/2014\/11\/marche-noel-reims-2014-3-475x300.jpg 475w\" sizes=\"auto, (max-width: 128px) 100vw, 128px\" \/><\/a>\n\t\t\t<\/dt><\/dl><dl class='gallery-item'>\n\t\t\t<dt class='gallery-icon landscape'>\n\t\t\t\t<a href='https:\/\/bonnesadressesremoises.fr\/wp-content\/uploads\/2014\/11\/marche-noel-reims-2014-1.jpg'><img loading=\"lazy\" decoding=\"async\" width=\"128\" height=\"79\" src=\"https:\/\/bonnesadressesremoises.fr\/wp-content\/uploads\/2014\/11\/marche-noel-reims-2014-1.jpg\" class=\"attachment-thumbnail size-thumbnail\" alt=\"\" srcset=\"https:\/\/bonnesadressesremoises.fr\/wp-content\/uploads\/2014\/11\/marche-noel-reims-2014-1.jpg 750w, https:\/\/bonnesadressesremoises.fr\/wp-content\/uploads\/2014\/11\/marche-noel-reims-2014-1-489x300.jpg 489w\" sizes=\"auto, (max-width: 128px) 100vw, 128px\" \/><\/a>\n\t\t\t<\/dt><\/dl><dl class='gallery-item'>\n\t\t\t<dt class='gallery-icon landscape'>\n\t\t\t\t<a href='https:\/\/bonnesadressesremoises.fr\/wp-content\/uploads\/2013\/10\/marche-noel-reims-5.jpg'><img loading=\"lazy\" decoding=\"async\" width=\"128\" height=\"76\" src=\"https:\/\/bonnesadressesremoises.fr\/wp-content\/uploads\/2013\/10\/marche-noel-reims-5.jpg\" class=\"attachment-thumbnail size-thumbnail\" alt=\"\" srcset=\"https:\/\/bonnesadressesremoises.fr\/wp-content\/uploads\/2013\/10\/marche-noel-reims-5.jpg 780w, https:\/\/bonnesadressesremoises.fr\/wp-content\/uploads\/2013\/10\/marche-noel-reims-5-500x296.jpg 500w\" sizes=\"auto, (max-width: 128px) 100vw, 128px\" \/><\/a>\n\t\t\t<\/dt><\/dl><br style=\"clear: both\" \/><dl class='gallery-item'>\n\t\t\t<dt class='gallery-icon landscape'>\n\t\t\t\t<a href='https:\/\/bonnesadressesremoises.fr\/wp-content\/uploads\/2013\/10\/marche-noel-reims-4.jpg'><img loading=\"lazy\" decoding=\"async\" width=\"128\" height=\"76\" src=\"https:\/\/bonnesadressesremoises.fr\/wp-content\/uploads\/2013\/10\/marche-noel-reims-4.jpg\" class=\"attachment-thumbnail size-thumbnail\" alt=\"\" srcset=\"https:\/\/bonnesadressesremoises.fr\/wp-content\/uploads\/2013\/10\/marche-noel-reims-4.jpg 740w, https:\/\/bonnesadressesremoises.fr\/wp-content\/uploads\/2013\/10\/marche-noel-reims-4-500x297.jpg 500w\" sizes=\"auto, (max-width: 128px) 100vw, 128px\" \/><\/a>\n\t\t\t<\/dt><\/dl><dl class='gallery-item'>\n\t\t\t<dt class='gallery-icon landscape'>\n\t\t\t\t<a href='https:\/\/bonnesadressesremoises.fr\/wp-content\/uploads\/2013\/10\/marche-noel-reims-3.jpg'><img loading=\"lazy\" decoding=\"async\" width=\"128\" height=\"85\" src=\"https:\/\/bonnesadressesremoises.fr\/wp-content\/uploads\/2013\/10\/marche-noel-reims-3.jpg\" class=\"attachment-thumbnail size-thumbnail\" alt=\"\" srcset=\"https:\/\/bonnesadressesremoises.fr\/wp-content\/uploads\/2013\/10\/marche-noel-reims-3.jpg 700w, https:\/\/bonnesadressesremoises.fr\/wp-content\/uploads\/2013\/10\/marche-noel-reims-3-451x300.jpg 451w\" sizes=\"auto, (max-width: 128px) 100vw, 128px\" \/><\/a>\n\t\t\t<\/dt><\/dl><dl class='gallery-item'>\n\t\t\t<dt class='gallery-icon landscape'>\n\t\t\t\t<a href='https:\/\/bonnesadressesremoises.fr\/wp-content\/uploads\/2013\/10\/marche-noel-reims-2.jpg'><img loading=\"lazy\" decoding=\"async\" width=\"128\" height=\"96\" src=\"https:\/\/bonnesadressesremoises.fr\/wp-content\/uploads\/2013\/10\/marche-noel-reims-2.jpg\" class=\"attachment-thumbnail size-thumbnail\" alt=\"\" srcset=\"https:\/\/bonnesadressesremoises.fr\/wp-content\/uploads\/2013\/10\/marche-noel-reims-2.jpg 650w, https:\/\/bonnesadressesremoises.fr\/wp-content\/uploads\/2013\/10\/marche-noel-reims-2-403x300.jpg 403w\" sizes=\"auto, (max-width: 128px) 100vw, 128px\" \/><\/a>\n\t\t\t<\/dt><\/dl><dl class='gallery-item'>\n\t\t\t<dt class='gallery-icon portrait'>\n\t\t\t\t<a href='https:\/\/bonnesadressesremoises.fr\/wp-content\/uploads\/2014\/11\/marche-noel-reims-2014-2.jpg'><img loading=\"lazy\" decoding=\"async\" width=\"64\" height=\"96\" src=\"https:\/\/bonnesadressesremoises.fr\/wp-content\/uploads\/2014\/11\/marche-noel-reims-2014-2.jpg\" class=\"attachment-thumbnail size-thumbnail\" alt=\"\" srcset=\"https:\/\/bonnesadressesremoises.fr\/wp-content\/uploads\/2014\/11\/marche-noel-reims-2014-2.jpg 435w, https:\/\/bonnesadressesremoises.fr\/wp-content\/uploads\/2014\/11\/marche-noel-reims-2014-2-200x300.jpg 200w\" sizes=\"auto, (max-width: 64px) 100vw, 64px\" \/><\/a>\n\t\t\t<\/dt><\/dl><br style=\"clear: both\" \/>\n\t\t<\/div>\n\n<table border=\"0\" bgcolor=\"#483737\">\n<tbody>\n<tr>\n<td>\n<p style=\"text-align: center;\"><span style=\"text-decoration: underline; color: #ff6600;\"><span style=\"text-decoration: underline; font-size: 70%;\">INFOS PRATIQUES<\/span><\/span><\/p>\n<h4 style=\"text-align: center;\"><span style=\"color: #ffffff;\">Le village de No\u00ebl de Reims est ouvert <span style=\"color: #ff6600;\"><strong>du 21 novembre au 28 d\u00e9cembre 2018<br \/>\n<\/strong><\/span><\/span><\/h4>\n<h4 style=\"text-align: center;\"><span style=\"color: #ffffff;\">tous les jours <span style=\"color: #ff6600;\">de 10h30 \u00e0 20h<\/span>\u00a0(sauf les lundis \u00e0 partir de 14h)<\/span><br \/>\n<span style=\"color: #ffffff;\"> ouverture nocturne<span style=\"color: #ff6600;\"> vendredi et samedi jusqu&rsquo;\u00e0 21h<br \/>\n<\/span><\/span><br \/>\n<span style=\"color: #ffffff;\"> Piste de luge et de ski de fond rue Buirette (1\u20ac le ticket)<\/span><br \/>\n<span style=\"color: #ffffff;\">&#8211; Balade en poney sur le parvis de la Cath\u00e9drale (4\u20ac)<\/span><\/h4>\n<h4 style=\"text-align: center;\"><span style=\"color: #ffffff;\">&#8211; Royaume des Enfants (cour du Palais du Tau)\u00a0:<br \/>\npetit train, Palais Enchant\u00e9, accrobranche (1\u20ac) et chalet du P\u00e8re No\u00ebl<br \/>\n&#8211; Tous les mercredis, vendredis, samedis et dimanches apr\u00e8s-midis :<br \/>\ngroupes musicaux vari\u00e9s qui d\u00e9ambulent dans le village de No\u00ebl<br \/>\n&#8211; Grande roue install\u00e9e place d&rsquo;Erlon<br \/>\n&#8211; foire de No\u00ebl (man\u00e8ges) sur les promenades et la place de la R\u00e9publique<br \/>\n<a href=\"https:\/\/bonnesadressesremoises.fr\/wp-content\/uploads\/2016\/11\/marche-de-noel-plan.jpg\">Plan \u00e9dit\u00e9 par la ville de Reims pour localiser les lieux incontournables<\/a><\/span><\/h4>\n<\/td>\n<\/tr>\n<\/tbody>\n<\/table>\n<p><img loading=\"lazy\" decoding=\"async\" class=\"alignnone size-full wp-image-7370\" src=\"https:\/\/bonnesadressesremoises.fr\/wp-content\/uploads\/2014\/11\/marche-noel-reims-2014-4.jpg\" alt=\"marche-noel-reims-2014-4\" width=\"750\" height=\"476\" srcset=\"https:\/\/bonnesadressesremoises.fr\/wp-content\/uploads\/2014\/11\/marche-noel-reims-2014-4.jpg 750w, https:\/\/bonnesadressesremoises.fr\/wp-content\/uploads\/2014\/11\/marche-noel-reims-2014-4-472x300.jpg 472w\" sizes=\"auto, (max-width: 750px) 100vw, 750px\" \/><\/p>\n<p><em><strong>Dernier conseil : Si vous comptez venir vers la mi-d\u00e9cembre, profitez-en pour vous rendre \u00e0 Epernay, qui rev\u00eat ses \u00ab\u00a0<a href=\"https:\/\/bonnesadressesremoises.fr\/index.php\/habits-de-lumiere-decembre-epernay\/\">Habits de Lumi\u00e8re<\/a>\u00a0\u00bb du 14 au 16 d\u00e9cembre 2018 (\u00e0 30 minutes en voiture de Reims)<\/strong> \ud83d\ude09<\/em><\/p>\n","protected":false},"excerpt":{"rendered":"<p>Les 145 chalets du Village de No\u00ebl de Reims occupent le parvis de la Cath\u00e9drale et les espaces aux alentours.<\/p>\n","protected":false},"author":2,"featured_media":10187,"comment_status":"open","ping_status":"open","sticky":false,"template":"","format":"standard","meta":{"footnotes":""},"categories":[83],"tags":[91],"class_list":["post-2440","post","type-post","status-publish","format-standard","has-post-thumbnail","hentry","category-evenements","tag-noel"],"yoast_head":"<!-- This site is optimized with the Yoast SEO plugin v27.4 - https:\/\/yoast.com\/product\/yoast-seo-wordpress\/ -->\n<title>Le March\u00e9 de N\u00f6el \u00e0 Reims # Bonnes Adresses R\u00e9moises<\/title>\n<meta name=\"description\" content=\"Le village de No\u00ebl \u00e0 Reims, c&#039;est 135 chalets sur la grande place pi\u00e9tonne du centre. Patinoire, petit train, cr\u00e8che vivante, parades, animations gratuites.\" \/>\n<meta name=\"robots\" content=\"index, follow, max-snippet:-1, max-image-preview:large, max-video-preview:-1\" \/>\n<link rel=\"canonical\" href=\"https:\/\/bonnesadressesremoises.fr\/index.php\/marche-de-noel-reims\/\" \/>\n<meta name=\"twitter:label1\" content=\"\u00c9crit par\" \/>\n\t<meta name=\"twitter:data1\" content=\"bonnesadressesremoises.fr\" \/>\n\t<meta name=\"twitter:label2\" content=\"Dur\u00e9e de lecture estim\u00e9e\" \/>\n\t<meta name=\"twitter:data2\" content=\"4 minutes\" \/>\n<script type=\"application\/ld+json\" class=\"yoast-schema-graph\">{\"@context\":\"https:\\\/\\\/schema.org\",\"@graph\":[{\"@type\":\"Article\",\"@id\":\"https:\\\/\\\/bonnesadressesremoises.fr\\\/index.php\\\/marche-de-noel-reims\\\/#article\",\"isPartOf\":{\"@id\":\"https:\\\/\\\/bonnesadressesremoises.fr\\\/index.php\\\/marche-de-noel-reims\\\/\"},\"author\":{\"name\":\"bonnesadressesremoises.fr\",\"@id\":\"https:\\\/\\\/bonnesadressesremoises.fr\\\/#\\\/schema\\\/person\\\/23bf6fdaf1059471d3c6d236fdc5821e\"},\"headline\":\"Le March\u00e9 de N\u00f6el \u00e0 Reims\",\"datePublished\":\"2017-11-16T13:20:52+00:00\",\"dateModified\":\"2018-11-21T16:03:57+00:00\",\"mainEntityOfPage\":{\"@id\":\"https:\\\/\\\/bonnesadressesremoises.fr\\\/index.php\\\/marche-de-noel-reims\\\/\"},\"wordCount\":841,\"commentCount\":8,\"image\":{\"@id\":\"https:\\\/\\\/bonnesadressesremoises.fr\\\/index.php\\\/marche-de-noel-reims\\\/#primaryimage\"},\"thumbnailUrl\":\"https:\\\/\\\/bonnesadressesremoises.fr\\\/wp-content\\\/uploads\\\/2015\\\/11\\\/noel-a-reims.jpg\",\"keywords\":[\"no\u00ebl\"],\"articleSection\":[\"Ev\u00e9nements\"],\"inLanguage\":\"fr-FR\",\"potentialAction\":[{\"@type\":\"CommentAction\",\"name\":\"Comment\",\"target\":[\"https:\\\/\\\/bonnesadressesremoises.fr\\\/index.php\\\/marche-de-noel-reims\\\/#respond\"]}]},{\"@type\":\"WebPage\",\"@id\":\"https:\\\/\\\/bonnesadressesremoises.fr\\\/index.php\\\/marche-de-noel-reims\\\/\",\"url\":\"https:\\\/\\\/bonnesadressesremoises.fr\\\/index.php\\\/marche-de-noel-reims\\\/\",\"name\":\"Le March\u00e9 de N\u00f6el \u00e0 Reims # Bonnes Adresses R\u00e9moises\",\"isPartOf\":{\"@id\":\"https:\\\/\\\/bonnesadressesremoises.fr\\\/#website\"},\"primaryImageOfPage\":{\"@id\":\"https:\\\/\\\/bonnesadressesremoises.fr\\\/index.php\\\/marche-de-noel-reims\\\/#primaryimage\"},\"image\":{\"@id\":\"https:\\\/\\\/bonnesadressesremoises.fr\\\/index.php\\\/marche-de-noel-reims\\\/#primaryimage\"},\"thumbnailUrl\":\"https:\\\/\\\/bonnesadressesremoises.fr\\\/wp-content\\\/uploads\\\/2015\\\/11\\\/noel-a-reims.jpg\",\"datePublished\":\"2017-11-16T13:20:52+00:00\",\"dateModified\":\"2018-11-21T16:03:57+00:00\",\"author\":{\"@id\":\"https:\\\/\\\/bonnesadressesremoises.fr\\\/#\\\/schema\\\/person\\\/23bf6fdaf1059471d3c6d236fdc5821e\"},\"description\":\"Le village de No\u00ebl \u00e0 Reims, c'est 135 chalets sur la grande place pi\u00e9tonne du centre. Patinoire, petit train, cr\u00e8che vivante, parades, animations gratuites.\",\"breadcrumb\":{\"@id\":\"https:\\\/\\\/bonnesadressesremoises.fr\\\/index.php\\\/marche-de-noel-reims\\\/#breadcrumb\"},\"inLanguage\":\"fr-FR\",\"potentialAction\":[{\"@type\":\"ReadAction\",\"target\":[\"https:\\\/\\\/bonnesadressesremoises.fr\\\/index.php\\\/marche-de-noel-reims\\\/\"]}]},{\"@type\":\"ImageObject\",\"inLanguage\":\"fr-FR\",\"@id\":\"https:\\\/\\\/bonnesadressesremoises.fr\\\/index.php\\\/marche-de-noel-reims\\\/#primaryimage\",\"url\":\"https:\\\/\\\/bonnesadressesremoises.fr\\\/wp-content\\\/uploads\\\/2015\\\/11\\\/noel-a-reims.jpg\",\"contentUrl\":\"https:\\\/\\\/bonnesadressesremoises.fr\\\/wp-content\\\/uploads\\\/2015\\\/11\\\/noel-a-reims.jpg\",\"width\":1000,\"height\":215},{\"@type\":\"BreadcrumbList\",\"@id\":\"https:\\\/\\\/bonnesadressesremoises.fr\\\/index.php\\\/marche-de-noel-reims\\\/#breadcrumb\",\"itemListElement\":[{\"@type\":\"ListItem\",\"position\":1,\"name\":\"Home\",\"item\":\"https:\\\/\\\/bonnesadressesremoises.fr\\\/\"},{\"@type\":\"ListItem\",\"position\":2,\"name\":\"Ev\u00e9nements\",\"item\":\"https:\\\/\\\/bonnesadressesremoises.fr\\\/index.php\\\/category\\\/evenements\\\/\"},{\"@type\":\"ListItem\",\"position\":3,\"name\":\"Le March\u00e9 de N\u00f6el \u00e0 Reims\"}]},{\"@type\":\"WebSite\",\"@id\":\"https:\\\/\\\/bonnesadressesremoises.fr\\\/#website\",\"url\":\"https:\\\/\\\/bonnesadressesremoises.fr\\\/\",\"name\":\"Bonnes Adresses R\u00e9moises\",\"description\":\"Des bonnes adresses sur Reims!\",\"potentialAction\":[{\"@type\":\"SearchAction\",\"target\":{\"@type\":\"EntryPoint\",\"urlTemplate\":\"https:\\\/\\\/bonnesadressesremoises.fr\\\/?s={search_term_string}\"},\"query-input\":{\"@type\":\"PropertyValueSpecification\",\"valueRequired\":true,\"valueName\":\"search_term_string\"}}],\"inLanguage\":\"fr-FR\"},{\"@type\":\"Person\",\"@id\":\"https:\\\/\\\/bonnesadressesremoises.fr\\\/#\\\/schema\\\/person\\\/23bf6fdaf1059471d3c6d236fdc5821e\",\"name\":\"bonnesadressesremoises.fr\"}]}<\/script>\n<!-- \/ Yoast SEO plugin. -->","yoast_head_json":{"title":"Le March\u00e9 de N\u00f6el \u00e0 Reims # Bonnes Adresses R\u00e9moises","description":"Le village de No\u00ebl \u00e0 Reims, c'est 135 chalets sur la grande place pi\u00e9tonne du centre. Patinoire, petit train, cr\u00e8che vivante, parades, animations gratuites.","robots":{"index":"index","follow":"follow","max-snippet":"max-snippet:-1","max-image-preview":"max-image-preview:large","max-video-preview":"max-video-preview:-1"},"canonical":"https:\/\/bonnesadressesremoises.fr\/index.php\/marche-de-noel-reims\/","twitter_misc":{"\u00c9crit par":"bonnesadressesremoises.fr","Dur\u00e9e de lecture estim\u00e9e":"4 minutes"},"schema":{"@context":"https:\/\/schema.org","@graph":[{"@type":"Article","@id":"https:\/\/bonnesadressesremoises.fr\/index.php\/marche-de-noel-reims\/#article","isPartOf":{"@id":"https:\/\/bonnesadressesremoises.fr\/index.php\/marche-de-noel-reims\/"},"author":{"name":"bonnesadressesremoises.fr","@id":"https:\/\/bonnesadressesremoises.fr\/#\/schema\/person\/23bf6fdaf1059471d3c6d236fdc5821e"},"headline":"Le March\u00e9 de N\u00f6el \u00e0 Reims","datePublished":"2017-11-16T13:20:52+00:00","dateModified":"2018-11-21T16:03:57+00:00","mainEntityOfPage":{"@id":"https:\/\/bonnesadressesremoises.fr\/index.php\/marche-de-noel-reims\/"},"wordCount":841,"commentCount":8,"image":{"@id":"https:\/\/bonnesadressesremoises.fr\/index.php\/marche-de-noel-reims\/#primaryimage"},"thumbnailUrl":"https:\/\/bonnesadressesremoises.fr\/wp-content\/uploads\/2015\/11\/noel-a-reims.jpg","keywords":["no\u00ebl"],"articleSection":["Ev\u00e9nements"],"inLanguage":"fr-FR","potentialAction":[{"@type":"CommentAction","name":"Comment","target":["https:\/\/bonnesadressesremoises.fr\/index.php\/marche-de-noel-reims\/#respond"]}]},{"@type":"WebPage","@id":"https:\/\/bonnesadressesremoises.fr\/index.php\/marche-de-noel-reims\/","url":"https:\/\/bonnesadressesremoises.fr\/index.php\/marche-de-noel-reims\/","name":"Le March\u00e9 de N\u00f6el \u00e0 Reims # Bonnes Adresses R\u00e9moises","isPartOf":{"@id":"https:\/\/bonnesadressesremoises.fr\/#website"},"primaryImageOfPage":{"@id":"https:\/\/bonnesadressesremoises.fr\/index.php\/marche-de-noel-reims\/#primaryimage"},"image":{"@id":"https:\/\/bonnesadressesremoises.fr\/index.php\/marche-de-noel-reims\/#primaryimage"},"thumbnailUrl":"https:\/\/bonnesadressesremoises.fr\/wp-content\/uploads\/2015\/11\/noel-a-reims.jpg","datePublished":"2017-11-16T13:20:52+00:00","dateModified":"2018-11-21T16:03:57+00:00","author":{"@id":"https:\/\/bonnesadressesremoises.fr\/#\/schema\/person\/23bf6fdaf1059471d3c6d236fdc5821e"},"description":"Le village de No\u00ebl \u00e0 Reims, c'est 135 chalets sur la grande place pi\u00e9tonne du centre. Patinoire, petit train, cr\u00e8che vivante, parades, animations gratuites.","breadcrumb":{"@id":"https:\/\/bonnesadressesremoises.fr\/index.php\/marche-de-noel-reims\/#breadcrumb"},"inLanguage":"fr-FR","potentialAction":[{"@type":"ReadAction","target":["https:\/\/bonnesadressesremoises.fr\/index.php\/marche-de-noel-reims\/"]}]},{"@type":"ImageObject","inLanguage":"fr-FR","@id":"https:\/\/bonnesadressesremoises.fr\/index.php\/marche-de-noel-reims\/#primaryimage","url":"https:\/\/bonnesadressesremoises.fr\/wp-content\/uploads\/2015\/11\/noel-a-reims.jpg","contentUrl":"https:\/\/bonnesadressesremoises.fr\/wp-content\/uploads\/2015\/11\/noel-a-reims.jpg","width":1000,"height":215},{"@type":"BreadcrumbList","@id":"https:\/\/bonnesadressesremoises.fr\/index.php\/marche-de-noel-reims\/#breadcrumb","itemListElement":[{"@type":"ListItem","position":1,"name":"Home","item":"https:\/\/bonnesadressesremoises.fr\/"},{"@type":"ListItem","position":2,"name":"Ev\u00e9nements","item":"https:\/\/bonnesadressesremoises.fr\/index.php\/category\/evenements\/"},{"@type":"ListItem","position":3,"name":"Le March\u00e9 de N\u00f6el \u00e0 Reims"}]},{"@type":"WebSite","@id":"https:\/\/bonnesadressesremoises.fr\/#website","url":"https:\/\/bonnesadressesremoises.fr\/","name":"Bonnes Adresses R\u00e9moises","description":"Des bonnes adresses sur Reims!","potentialAction":[{"@type":"SearchAction","target":{"@type":"EntryPoint","urlTemplate":"https:\/\/bonnesadressesremoises.fr\/?s={search_term_string}"},"query-input":{"@type":"PropertyValueSpecification","valueRequired":true,"valueName":"search_term_string"}}],"inLanguage":"fr-FR"},{"@type":"Person","@id":"https:\/\/bonnesadressesremoises.fr\/#\/schema\/person\/23bf6fdaf1059471d3c6d236fdc5821e","name":"bonnesadressesremoises.fr"}]}},"_links":{"self":[{"href":"https:\/\/bonnesadressesremoises.fr\/index.php\/wp-json\/wp\/v2\/posts\/2440","targetHints":{"allow":["GET"]}}],"collection":[{"href":"https:\/\/bonnesadressesremoises.fr\/index.php\/wp-json\/wp\/v2\/posts"}],"about":[{"href":"https:\/\/bonnesadressesremoises.fr\/index.php\/wp-json\/wp\/v2\/types\/post"}],"author":[{"embeddable":true,"href":"https:\/\/bonnesadressesremoises.fr\/index.php\/wp-json\/wp\/v2\/users\/2"}],"replies":[{"embeddable":true,"href":"https:\/\/bonnesadressesremoises.fr\/index.php\/wp-json\/wp\/v2\/comments?post=2440"}],"version-history":[{"count":28,"href":"https:\/\/bonnesadressesremoises.fr\/index.php\/wp-json\/wp\/v2\/posts\/2440\/revisions"}],"predecessor-version":[{"id":13133,"href":"https:\/\/bonnesadressesremoises.fr\/index.php\/wp-json\/wp\/v2\/posts\/2440\/revisions\/13133"}],"wp:featuredmedia":[{"embeddable":true,"href":"https:\/\/bonnesadressesremoises.fr\/index.php\/wp-json\/wp\/v2\/media\/10187"}],"wp:attachment":[{"href":"https:\/\/bonnesadressesremoises.fr\/index.php\/wp-json\/wp\/v2\/media?parent=2440"}],"wp:term":[{"taxonomy":"category","embeddable":true,"href":"https:\/\/bonnesadressesremoises.fr\/index.php\/wp-json\/wp\/v2\/categories?post=2440"},{"taxonomy":"post_tag","embeddable":true,"href":"https:\/\/bonnesadressesremoises.fr\/index.php\/wp-json\/wp\/v2\/tags?post=2440"}],"curies":[{"name":"wp","href":"https:\/\/api.w.org\/{rel}","templated":true}]}}