{"id":3323,"date":"2013-03-15T21:18:58","date_gmt":"2013-03-15T19:18:58","guid":{"rendered":"http:\/\/bonnesadressesremoises.fr\/?p=3323"},"modified":"2013-04-12T14:40:32","modified_gmt":"2013-04-12T12:40:32","slug":"journee-mondiale-du-fromage","status":"publish","type":"post","link":"https:\/\/bonnesadressesremoises.fr\/index.php\/journee-mondiale-du-fromage\/","title":{"rendered":"Journ\u00e9e mondiale du Fromage"},"content":{"rendered":"<p>Journ\u00e9e mondiale du fromage, \u00e7a envoie non ? Dans le cadre de cette journ\u00e9e qui se tient le mercredi <strong>27 mars 2013<\/strong>, un petit point sur le message de cette manifestation.<!--more--><\/p>\n<p>Si les fran\u00e7ais consomment toujours plus de fromage, ils vont aussi le chercher davantage chez leur fromager. L&rsquo;industrie p\u00e8se encore aujourd&rsquo;hui bien lourd avec 87% des fromages vendus, mais c&rsquo;\u00e9tait 90% en 2005 (chiffres Gault &amp; Millau), c&rsquo;est d\u00e9j\u00e0 cela de pris. N\u00e9anmoins, tous les producteurs ne profitent pas de cette embellie et certains fromages disparaissent simplement. Cela peut \u00eatre \u00e0 cause des normes, en inad\u00e9quation totale avec les processus de fabrication artisanaux, ou de la difficult\u00e9 de trouver un r\u00e9seau qui permet d&rsquo;\u00e9couler la production.<\/p>\n<p>Cette \u00ab\u00a0journ\u00e9e du fromage\u00a0\u00bb est aussi l&rsquo;occasion de rappeler que si on souhaite un fromage qui a du go\u00fbt, de l&rsquo;authenticit\u00e9, qui nous fait voyager, il faut laisser un moment le rayon fromage de notre supermarch\u00e9 et se rendre chez le fromager, qui nous fournira en prime le conseil, la qualit\u00e9 et la proximit\u00e9.<\/p>\n<p>Les fromagers proposent des fromages au lait cru qui ont d\u00e9sert\u00e9 les grandes surfaces, ils sont incroyablement plus go\u00fbteux.<\/p>\n<p>Revenons un peu au \u00ab\u00a0local\u00a0\u00bb avec des adresses o\u00f9 vous pouvez aller acheter votre fromage :<\/p>\n<p><span style=\"color: #993300;\">&#8211; <span style=\"text-decoration: underline;\">Aux Halles Boulingrin<\/span><\/span><\/p>\n<p><span style=\"text-decoration: underline; color: #ff9900;\">Cr\u00e9merie Bruck<\/span> : C&rsquo;est l&rsquo;adresse o\u00f9 aller si vous voulez vous faire une nouvelle opinion sur les fromages les plus connus, les prix sont tr\u00e8s comp\u00e9titifs, le service chaleureux et la qualit\u00e9 simplement exceptionnelle, quelque soit votre choix. Pour vous en convaincre, essayez le comt\u00e9 Extra fruit\u00e9 \u00ab\u00a0saut du Doubs\u00a0\u00bb, Le fromage de Troyes (vos enfants vont adorer), l&rsquo;Epoisses (\u00e0 servir \u00e0 la cuill\u00e8re), le Stilton (fromage anglais bleu).<\/p>\n<p><a title=\"La ferme du petit Mesnil\" href=\"https:\/\/bonnesadressesremoises.fr\/index.php\/fromagerie-de-la-tourbe\/\"><span style=\"text-decoration: underline; color: #ff9900;\">La ferme du Petit-Mesnil<\/span><\/a> : il faut go\u00fbter les camemberts de Champagne, le prix est doux, c&rsquo;est tr\u00e8s diff\u00e9rent d&rsquo;un camembert normand mais c&rsquo;est tr\u00e8s bon.<\/p>\n<p><a title=\"Le Fromager Peltier\" href=\"https:\/\/bonnesadressesremoises.fr\/index.php\/fromager-peltier\/\"><span style=\"text-decoration: underline; color: #ff9900;\">Le fromage Peltier<\/span><\/a> : La main est un peu g\u00e9n\u00e9reuse mais le service est tr\u00e8s sympa et vous y trouverez d&rsquo;excellents comt\u00e9s et gruy\u00e8res suisses.<\/p>\n<p><span style=\"text-decoration: underline; color: #ff9900;\">Cr\u00e9merie Vieillard<\/span> : le petit nouveau du Boulingrin, prix tr\u00e8s sages, bons produits et accueil souriant.<\/p>\n<p><span style=\"color: #993300;\">&#8211; <span style=\"text-decoration: underline;\">En ville<\/span><\/span><\/p>\n<p><a title=\"Au Bon Manger\" href=\"https:\/\/bonnesadressesremoises.fr\/index.php\/au-bon-manger\/\"><span style=\"text-decoration: underline; color: #ff9900;\">Au Bon Manger<\/span><\/a> : accueil tr\u00e8s sympa, s\u00e9lection \u00e9troite et pointue de fromages tous affin\u00e9s par Philippe Olivier, affineur de grands chefs \u00e9toil\u00e9s. Le prix est en ad\u00e9quation avec le statut du monsieur mais vous y trouverez de tr\u00e8s bons fromages (pav\u00e9 de Roubaix, comt\u00e9s, \u00e9cume de Wimereux).<\/p>\n<p><span style=\"text-decoration: underline; color: #ff9900;\">Brice D\u00e9lice <\/span>: install\u00e9e dans le quartier Cernay, petite boutique avec une bonne s\u00e9lection de fromages, relativement peu de choix mais il faut encourager cette initiative de s&rsquo;installer dans un quartier plus excentr\u00e9.<\/p>\n<h6><a title=\"Fromages et Vins du Boulingrin\" href=\"https:\/\/bonnesadressesremoises.fr\/index.php\/fromages-et-vins-du-boulingrin\/\"><span style=\"text-decoration: underline; color: #ff9900;\">Fromages et Vins<\/span><\/a> : nous venons d&rsquo;\u00e9diter un article sur cette boutique, choix et conseil incomparables, c&rsquo;est une adresse \u00e0 d\u00e9couvrir.<\/h6>\n<h6 style=\"text-align: center;\"><img loading=\"lazy\" decoding=\"async\" class=\"aligncenter  wp-image-3213\" style=\"border: 0px; margin-bottom: -250px;\" title=\"infos-pave\" src=\"https:\/\/bonnesadressesremoises.fr\/wp-content\/uploads\/2013\/03\/infos-pave.png\" alt=\"\" width=\"583\" height=\"276\" srcset=\"https:\/\/bonnesadressesremoises.fr\/wp-content\/uploads\/2013\/03\/infos-pave.png 583w, https:\/\/bonnesadressesremoises.fr\/wp-content\/uploads\/2013\/03\/infos-pave-150x71.png 150w, https:\/\/bonnesadressesremoises.fr\/wp-content\/uploads\/2013\/03\/infos-pave-300x142.png 300w, https:\/\/bonnesadressesremoises.fr\/wp-content\/uploads\/2013\/03\/infos-pave-500x236.png 500w\" sizes=\"auto, (max-width: 583px) 100vw, 583px\" \/><span style=\"text-decoration: underline;\">D\u00e9gustation chez Fromages et Vins<br \/>\nle 29 mars 2013 de 17h30 \u00e0 19h30<\/span><\/h6>\n<p style=\"text-align: center;\"><span style=\"font-size: 12px;\"><br \/>\nA l\u2019occasion de la f\u00eate du fromage qui met en avant les fromages artisanaux,<\/span><span>\u00a0<span style=\"color: #333300;\">\u00ab\u00a0<\/span><span style=\"font-size: 12px;\"><span style=\"color: #333300;\">Fromages et Vins<\/span><br \/>\n<span style=\"color: #333300;\">du Boulingrin\u00a0\u00bb<\/span> vous propose de d\u00e9guster non seulement<\/span>\u00a0<span style=\"font-size: 12px;\">des\u00a0\u00a0fromages mais aussi des vins<br \/>\nqui leur seront associ\u00e9s. L\u2019id\u00e9e est de<\/span>\u00a0<span style=\"font-size: 12px;\">proposer une alternative au Bordeaux qui accompagne<\/span><br \/>\n<span style=\"font-size: 12px;\"> traditionnellement un plateau de fromages.<\/span><\/span><\/p>\n<p style=\"text-align: center;\"><strong><span style=\"font-size: 12px;\">Au menu de cette d\u00e9gustation gratuite sans obligation d&rsquo;achat :<br \/>\nCamembert \/ cidre\u00a0&#8211; Fromage de ch\u00e8vre \/ vin blanc\u00a0&#8211; Fromage de brebis \/ vin rouge<\/span><\/strong><\/p>\n","protected":false},"excerpt":{"rendered":"<p>Journ\u00e9e mondiale du fromage, \u00e7a envoie non ? Dans le cadre de cette journ\u00e9e qui se tient le mercredi 27 mars 2013, un petit point sur le message de cette manifestation.<\/p>\n","protected":false},"author":2,"featured_media":0,"comment_status":"open","ping_status":"open","sticky":false,"template":"","format":"standard","meta":{"footnotes":""},"categories":[83],"tags":[66],"class_list":["post-3323","post","type-post","status-publish","format-standard","hentry","category-evenements","tag-fromage"],"yoast_head":"<!-- This site is optimized with the Yoast SEO plugin v27.5 - https:\/\/yoast.com\/product\/yoast-seo-wordpress\/ -->\n<title>Journ\u00e9e mondiale du Fromage # Bonnes Adresses R\u00e9moises<\/title>\n<meta name=\"description\" content=\"Journ\u00e9e mondiale du fromage, \u00e7a envoie non ? Dans le cadre de cette journ\u00e9e qui se tient le mercredi 27 mars 2013, un petit point sur le message de cette\" \/>\n<meta name=\"robots\" content=\"index, follow, max-snippet:-1, max-image-preview:large, max-video-preview:-1\" \/>\n<link rel=\"canonical\" href=\"https:\/\/bonnesadressesremoises.fr\/index.php\/journee-mondiale-du-fromage\/\" \/>\n<meta name=\"twitter:label1\" content=\"\u00c9crit par\" \/>\n\t<meta name=\"twitter:data1\" content=\"bonnesadressesremoises.fr\" \/>\n\t<meta name=\"twitter:label2\" content=\"Dur\u00e9e de lecture estim\u00e9e\" \/>\n\t<meta name=\"twitter:data2\" content=\"3 minutes\" \/>\n<script type=\"application\/ld+json\" class=\"yoast-schema-graph\">{\"@context\":\"https:\\\/\\\/schema.org\",\"@graph\":[{\"@type\":\"Article\",\"@id\":\"https:\\\/\\\/bonnesadressesremoises.fr\\\/index.php\\\/journee-mondiale-du-fromage\\\/#article\",\"isPartOf\":{\"@id\":\"https:\\\/\\\/bonnesadressesremoises.fr\\\/index.php\\\/journee-mondiale-du-fromage\\\/\"},\"author\":{\"name\":\"bonnesadressesremoises.fr\",\"@id\":\"https:\\\/\\\/bonnesadressesremoises.fr\\\/#\\\/schema\\\/person\\\/23bf6fdaf1059471d3c6d236fdc5821e\"},\"headline\":\"Journ\u00e9e mondiale du Fromage\",\"datePublished\":\"2013-03-15T19:18:58+00:00\",\"dateModified\":\"2013-04-12T12:40:32+00:00\",\"mainEntityOfPage\":{\"@id\":\"https:\\\/\\\/bonnesadressesremoises.fr\\\/index.php\\\/journee-mondiale-du-fromage\\\/\"},\"wordCount\":571,\"commentCount\":0,\"image\":{\"@id\":\"https:\\\/\\\/bonnesadressesremoises.fr\\\/index.php\\\/journee-mondiale-du-fromage\\\/#primaryimage\"},\"thumbnailUrl\":\"https:\\\/\\\/bonnesadressesremoises.fr\\\/wp-content\\\/uploads\\\/2013\\\/03\\\/infos-pave.png\",\"keywords\":[\"fromage\"],\"articleSection\":[\"Ev\u00e9nements\"],\"inLanguage\":\"fr-FR\",\"potentialAction\":[{\"@type\":\"CommentAction\",\"name\":\"Comment\",\"target\":[\"https:\\\/\\\/bonnesadressesremoises.fr\\\/index.php\\\/journee-mondiale-du-fromage\\\/#respond\"]}]},{\"@type\":\"WebPage\",\"@id\":\"https:\\\/\\\/bonnesadressesremoises.fr\\\/index.php\\\/journee-mondiale-du-fromage\\\/\",\"url\":\"https:\\\/\\\/bonnesadressesremoises.fr\\\/index.php\\\/journee-mondiale-du-fromage\\\/\",\"name\":\"Journ\u00e9e mondiale du Fromage # Bonnes Adresses R\u00e9moises\",\"isPartOf\":{\"@id\":\"https:\\\/\\\/bonnesadressesremoises.fr\\\/#website\"},\"primaryImageOfPage\":{\"@id\":\"https:\\\/\\\/bonnesadressesremoises.fr\\\/index.php\\\/journee-mondiale-du-fromage\\\/#primaryimage\"},\"image\":{\"@id\":\"https:\\\/\\\/bonnesadressesremoises.fr\\\/index.php\\\/journee-mondiale-du-fromage\\\/#primaryimage\"},\"thumbnailUrl\":\"https:\\\/\\\/bonnesadressesremoises.fr\\\/wp-content\\\/uploads\\\/2013\\\/03\\\/infos-pave.png\",\"datePublished\":\"2013-03-15T19:18:58+00:00\",\"dateModified\":\"2013-04-12T12:40:32+00:00\",\"author\":{\"@id\":\"https:\\\/\\\/bonnesadressesremoises.fr\\\/#\\\/schema\\\/person\\\/23bf6fdaf1059471d3c6d236fdc5821e\"},\"description\":\"Journ\u00e9e mondiale du fromage, \u00e7a envoie non ? Dans le cadre de cette journ\u00e9e qui se tient le mercredi 27 mars 2013, un petit point sur le message de cette\",\"breadcrumb\":{\"@id\":\"https:\\\/\\\/bonnesadressesremoises.fr\\\/index.php\\\/journee-mondiale-du-fromage\\\/#breadcrumb\"},\"inLanguage\":\"fr-FR\",\"potentialAction\":[{\"@type\":\"ReadAction\",\"target\":[\"https:\\\/\\\/bonnesadressesremoises.fr\\\/index.php\\\/journee-mondiale-du-fromage\\\/\"]}]},{\"@type\":\"ImageObject\",\"inLanguage\":\"fr-FR\",\"@id\":\"https:\\\/\\\/bonnesadressesremoises.fr\\\/index.php\\\/journee-mondiale-du-fromage\\\/#primaryimage\",\"url\":\"https:\\\/\\\/bonnesadressesremoises.fr\\\/wp-content\\\/uploads\\\/2013\\\/03\\\/infos-pave.png\",\"contentUrl\":\"https:\\\/\\\/bonnesadressesremoises.fr\\\/wp-content\\\/uploads\\\/2013\\\/03\\\/infos-pave.png\",\"width\":\"583\",\"height\":\"276\"},{\"@type\":\"BreadcrumbList\",\"@id\":\"https:\\\/\\\/bonnesadressesremoises.fr\\\/index.php\\\/journee-mondiale-du-fromage\\\/#breadcrumb\",\"itemListElement\":[{\"@type\":\"ListItem\",\"position\":1,\"name\":\"Home\",\"item\":\"https:\\\/\\\/bonnesadressesremoises.fr\\\/\"},{\"@type\":\"ListItem\",\"position\":2,\"name\":\"Ev\u00e9nements\",\"item\":\"https:\\\/\\\/bonnesadressesremoises.fr\\\/index.php\\\/category\\\/evenements\\\/\"},{\"@type\":\"ListItem\",\"position\":3,\"name\":\"Journ\u00e9e mondiale du Fromage\"}]},{\"@type\":\"WebSite\",\"@id\":\"https:\\\/\\\/bonnesadressesremoises.fr\\\/#website\",\"url\":\"https:\\\/\\\/bonnesadressesremoises.fr\\\/\",\"name\":\"Bonnes Adresses R\u00e9moises\",\"description\":\"Des bonnes adresses sur Reims!\",\"potentialAction\":[{\"@type\":\"SearchAction\",\"target\":{\"@type\":\"EntryPoint\",\"urlTemplate\":\"https:\\\/\\\/bonnesadressesremoises.fr\\\/?s={search_term_string}\"},\"query-input\":{\"@type\":\"PropertyValueSpecification\",\"valueRequired\":true,\"valueName\":\"search_term_string\"}}],\"inLanguage\":\"fr-FR\"},{\"@type\":\"Person\",\"@id\":\"https:\\\/\\\/bonnesadressesremoises.fr\\\/#\\\/schema\\\/person\\\/23bf6fdaf1059471d3c6d236fdc5821e\",\"name\":\"bonnesadressesremoises.fr\"}]}<\/script>\n<!-- \/ Yoast SEO plugin. -->","yoast_head_json":{"title":"Journ\u00e9e mondiale du Fromage # Bonnes Adresses R\u00e9moises","description":"Journ\u00e9e mondiale du fromage, \u00e7a envoie non ? Dans le cadre de cette journ\u00e9e qui se tient le mercredi 27 mars 2013, un petit point sur le message de cette","robots":{"index":"index","follow":"follow","max-snippet":"max-snippet:-1","max-image-preview":"max-image-preview:large","max-video-preview":"max-video-preview:-1"},"canonical":"https:\/\/bonnesadressesremoises.fr\/index.php\/journee-mondiale-du-fromage\/","twitter_misc":{"\u00c9crit par":"bonnesadressesremoises.fr","Dur\u00e9e de lecture estim\u00e9e":"3 minutes"},"schema":{"@context":"https:\/\/schema.org","@graph":[{"@type":"Article","@id":"https:\/\/bonnesadressesremoises.fr\/index.php\/journee-mondiale-du-fromage\/#article","isPartOf":{"@id":"https:\/\/bonnesadressesremoises.fr\/index.php\/journee-mondiale-du-fromage\/"},"author":{"name":"bonnesadressesremoises.fr","@id":"https:\/\/bonnesadressesremoises.fr\/#\/schema\/person\/23bf6fdaf1059471d3c6d236fdc5821e"},"headline":"Journ\u00e9e mondiale du Fromage","datePublished":"2013-03-15T19:18:58+00:00","dateModified":"2013-04-12T12:40:32+00:00","mainEntityOfPage":{"@id":"https:\/\/bonnesadressesremoises.fr\/index.php\/journee-mondiale-du-fromage\/"},"wordCount":571,"commentCount":0,"image":{"@id":"https:\/\/bonnesadressesremoises.fr\/index.php\/journee-mondiale-du-fromage\/#primaryimage"},"thumbnailUrl":"https:\/\/bonnesadressesremoises.fr\/wp-content\/uploads\/2013\/03\/infos-pave.png","keywords":["fromage"],"articleSection":["Ev\u00e9nements"],"inLanguage":"fr-FR","potentialAction":[{"@type":"CommentAction","name":"Comment","target":["https:\/\/bonnesadressesremoises.fr\/index.php\/journee-mondiale-du-fromage\/#respond"]}]},{"@type":"WebPage","@id":"https:\/\/bonnesadressesremoises.fr\/index.php\/journee-mondiale-du-fromage\/","url":"https:\/\/bonnesadressesremoises.fr\/index.php\/journee-mondiale-du-fromage\/","name":"Journ\u00e9e mondiale du Fromage # Bonnes Adresses R\u00e9moises","isPartOf":{"@id":"https:\/\/bonnesadressesremoises.fr\/#website"},"primaryImageOfPage":{"@id":"https:\/\/bonnesadressesremoises.fr\/index.php\/journee-mondiale-du-fromage\/#primaryimage"},"image":{"@id":"https:\/\/bonnesadressesremoises.fr\/index.php\/journee-mondiale-du-fromage\/#primaryimage"},"thumbnailUrl":"https:\/\/bonnesadressesremoises.fr\/wp-content\/uploads\/2013\/03\/infos-pave.png","datePublished":"2013-03-15T19:18:58+00:00","dateModified":"2013-04-12T12:40:32+00:00","author":{"@id":"https:\/\/bonnesadressesremoises.fr\/#\/schema\/person\/23bf6fdaf1059471d3c6d236fdc5821e"},"description":"Journ\u00e9e mondiale du fromage, \u00e7a envoie non ? Dans le cadre de cette journ\u00e9e qui se tient le mercredi 27 mars 2013, un petit point sur le message de cette","breadcrumb":{"@id":"https:\/\/bonnesadressesremoises.fr\/index.php\/journee-mondiale-du-fromage\/#breadcrumb"},"inLanguage":"fr-FR","potentialAction":[{"@type":"ReadAction","target":["https:\/\/bonnesadressesremoises.fr\/index.php\/journee-mondiale-du-fromage\/"]}]},{"@type":"ImageObject","inLanguage":"fr-FR","@id":"https:\/\/bonnesadressesremoises.fr\/index.php\/journee-mondiale-du-fromage\/#primaryimage","url":"https:\/\/bonnesadressesremoises.fr\/wp-content\/uploads\/2013\/03\/infos-pave.png","contentUrl":"https:\/\/bonnesadressesremoises.fr\/wp-content\/uploads\/2013\/03\/infos-pave.png","width":"583","height":"276"},{"@type":"BreadcrumbList","@id":"https:\/\/bonnesadressesremoises.fr\/index.php\/journee-mondiale-du-fromage\/#breadcrumb","itemListElement":[{"@type":"ListItem","position":1,"name":"Home","item":"https:\/\/bonnesadressesremoises.fr\/"},{"@type":"ListItem","position":2,"name":"Ev\u00e9nements","item":"https:\/\/bonnesadressesremoises.fr\/index.php\/category\/evenements\/"},{"@type":"ListItem","position":3,"name":"Journ\u00e9e mondiale du Fromage"}]},{"@type":"WebSite","@id":"https:\/\/bonnesadressesremoises.fr\/#website","url":"https:\/\/bonnesadressesremoises.fr\/","name":"Bonnes Adresses R\u00e9moises","description":"Des bonnes adresses sur Reims!","potentialAction":[{"@type":"SearchAction","target":{"@type":"EntryPoint","urlTemplate":"https:\/\/bonnesadressesremoises.fr\/?s={search_term_string}"},"query-input":{"@type":"PropertyValueSpecification","valueRequired":true,"valueName":"search_term_string"}}],"inLanguage":"fr-FR"},{"@type":"Person","@id":"https:\/\/bonnesadressesremoises.fr\/#\/schema\/person\/23bf6fdaf1059471d3c6d236fdc5821e","name":"bonnesadressesremoises.fr"}]}},"_links":{"self":[{"href":"https:\/\/bonnesadressesremoises.fr\/index.php\/wp-json\/wp\/v2\/posts\/3323","targetHints":{"allow":["GET"]}}],"collection":[{"href":"https:\/\/bonnesadressesremoises.fr\/index.php\/wp-json\/wp\/v2\/posts"}],"about":[{"href":"https:\/\/bonnesadressesremoises.fr\/index.php\/wp-json\/wp\/v2\/types\/post"}],"author":[{"embeddable":true,"href":"https:\/\/bonnesadressesremoises.fr\/index.php\/wp-json\/wp\/v2\/users\/2"}],"replies":[{"embeddable":true,"href":"https:\/\/bonnesadressesremoises.fr\/index.php\/wp-json\/wp\/v2\/comments?post=3323"}],"version-history":[{"count":0,"href":"https:\/\/bonnesadressesremoises.fr\/index.php\/wp-json\/wp\/v2\/posts\/3323\/revisions"}],"wp:attachment":[{"href":"https:\/\/bonnesadressesremoises.fr\/index.php\/wp-json\/wp\/v2\/media?parent=3323"}],"wp:term":[{"taxonomy":"category","embeddable":true,"href":"https:\/\/bonnesadressesremoises.fr\/index.php\/wp-json\/wp\/v2\/categories?post=3323"},{"taxonomy":"post_tag","embeddable":true,"href":"https:\/\/bonnesadressesremoises.fr\/index.php\/wp-json\/wp\/v2\/tags?post=3323"}],"curies":[{"name":"wp","href":"https:\/\/api.w.org\/{rel}","templated":true}]}}