{"id":5805,"date":"2014-02-27T19:32:00","date_gmt":"2014-02-27T17:32:00","guid":{"rendered":"http:\/\/bonnesadressesremoises.fr\/?p=5805"},"modified":"2014-04-26T10:30:50","modified_gmt":"2014-04-26T08:30:50","slug":"musee-le-vergeur-reims","status":"publish","type":"post","link":"https:\/\/bonnesadressesremoises.fr\/index.php\/musee-le-vergeur-reims\/","title":{"rendered":"Mus\u00e9e-h\u00f4tel Le Vergeur"},"content":{"rendered":"<p><img loading=\"lazy\" decoding=\"async\" class=\"size-full wp-image-5806 alignleft\" style=\"border: 0px; margin-right: -1px; margin-left: -55px;\" src=\"https:\/\/bonnesadressesremoises.fr\/wp-content\/uploads\/2014\/02\/Logo-savr.jpg\" alt=\"Logo-savr\" width=\"200\" height=\"273\" \/>Ce b\u00e2timent, situ\u00e9 Place du Forum, est class\u00e9 monument historique depuis 1916. Il porte le nom de son propri\u00e9taire au seizi\u00e8me si\u00e8cle, Nicolas Le Vergeur. Pourtant, il doit beaucoup aussi \u00e0 Hugues Krafft qui a permis de faire vivre le lieu apr\u00e8s les d\u00e9g\u00e2ts de la premi\u00e8re guerre mondiale et qui a contribu\u00e9 \u00e0 la constitution d&rsquo;un fonds documentaire sur le patrimoine r\u00e9mois. Hugues Krafft fonde la Soci\u00e9t\u00e9 des Amis du Vieux Reims en 1909 (logo repr\u00e9sent\u00e9 \u00e0 gauche) puis s&rsquo;ach\u00e8te\u00a0l&rsquo;h\u00f4tel Le Vergeur. L&rsquo;homme meurt \u00e0 81 ans dans son h\u00f4tel Le Vergeur, il l\u00e8gue sa b\u00e2tisse, devenue mus\u00e9e quelques ann\u00e9es plus t\u00f4t, ainsi que tout son mobilier \u00e0 son association, la Soci\u00e9t\u00e9 des Amis du Vieux Reims.<br \/>\n<img loading=\"lazy\" decoding=\"async\" class=\"alignright size-full wp-image-5811\" src=\"https:\/\/bonnesadressesremoises.fr\/wp-content\/uploads\/2014\/02\/musee-hotel-vergeur-2.jpg\" alt=\"musee-hotel-vergeur-2\" width=\"610\" height=\"387\" srcset=\"https:\/\/bonnesadressesremoises.fr\/wp-content\/uploads\/2014\/02\/musee-hotel-vergeur-2.jpg 610w, https:\/\/bonnesadressesremoises.fr\/wp-content\/uploads\/2014\/02\/musee-hotel-vergeur-2-472x300.jpg 472w\" sizes=\"auto, (max-width: 610px) 100vw, 610px\" \/><!--more--><br \/>\nL&rsquo;association continue de faire vivre la m\u00e9moire de la ville de Reims, elle organise des visites guid\u00e9es du lieu devenu mus\u00e9e ouvert au public (dur\u00e9e d&rsquo;une heure &#8211; d\u00e9parts tous les jours sauf le lundi \u00e0 14h, 15h, 16h et 17h). On y trouve du mobilier Renaissance, des gravures de D\u00fcrer en exposition, des oeuvres rapport\u00e9es d&rsquo;Asie au d\u00e9but du vingti\u00e8me si\u00e8cle.<\/p>\n<p><img loading=\"lazy\" decoding=\"async\" class=\"alignright size-full wp-image-5810\" src=\"https:\/\/bonnesadressesremoises.fr\/wp-content\/uploads\/2014\/02\/musee-hotel-vergeur-1.jpg\" alt=\"musee-hotel-vergeur-1\" width=\"610\" height=\"438\" srcset=\"https:\/\/bonnesadressesremoises.fr\/wp-content\/uploads\/2014\/02\/musee-hotel-vergeur-1.jpg 610w, https:\/\/bonnesadressesremoises.fr\/wp-content\/uploads\/2014\/02\/musee-hotel-vergeur-1-417x300.jpg 417w\" sizes=\"auto, (max-width: 610px) 100vw, 610px\" \/><\/p>\n<p>La Soci\u00e9t\u00e9 des Amis du Vieux Reims organise aussi diverses conf\u00e9rences, des visites th\u00e9matiques pour les groupes scolaires, elle \u00e9dite aussi un bulletin \u00ab\u00a0Regards sur notre patrimoine\u00a0\u00bb disponible \u00e0 la librairie du mus\u00e9e. (plus d&rsquo;informations \u00e0 ce sujet sur leur <a href=\"http:\/\/www.museelevergeur.com\/\" target=\"_blank\">site internet<\/a>)<\/p>\n<table border=\"0\" bgcolor=\"#483737\">\n<tbody>\n<tr>\n<td style=\"text-align: center;\">\n<h3><strong><span style=\"color: #f9f9f9;\">\u00ab\u00a0Mus\u00e9e-h\u00f4tel Le Vergeur \u00a0\u00bb &#8211; 36 Place du Forum &#8211; 51100 Reims<\/span><\/strong><\/h3>\n<\/td>\n<\/tr>\n<\/tbody>\n<\/table>\n<p style=\"text-align: center;\"><img loading=\"lazy\" decoding=\"async\" class=\"aligncenter size-full wp-image-1676\" style=\"border: 0px; margin-bottom: -187px;\" title=\"infos-5l\" src=\"https:\/\/bonnesadressesremoises.fr\/wp-content\/uploads\/2012\/08\/infos-5l.png\" alt=\"\" width=\"588\" height=\"201\" srcset=\"https:\/\/bonnesadressesremoises.fr\/wp-content\/uploads\/2012\/08\/infos-5l.png 588w, https:\/\/bonnesadressesremoises.fr\/wp-content\/uploads\/2012\/08\/infos-5l-150x51.png 150w, https:\/\/bonnesadressesremoises.fr\/wp-content\/uploads\/2012\/08\/infos-5l-300x102.png 300w, https:\/\/bonnesadressesremoises.fr\/wp-content\/uploads\/2012\/08\/infos-5l-500x170.png 500w\" sizes=\"auto, (max-width: 588px) 100vw, 588px\" \/><\/p>\n<h4 style=\"text-align: center;\"><a href=\"https:\/\/maps.google.fr\/maps?q=Mus%C3%A9e-h%C3%B4tel+Le+Vergeur,+Place+du+Forum,+Reims&amp;hl=fr&amp;ie=UTF8&amp;ll=49.257383,4.034058&amp;spn=0.003105,0.004823&amp;sll=49.257067,4.034061&amp;sspn=0.008781,0.01929&amp;oq=mus%C3%A9e-h%C3%B4tel+le+vergeur+reims&amp;t=h&amp;z=18&amp;iwloc=A\" target=\"_blank\">Voir la localisation sur un plan<\/a> &#8211; t\u00e9l : 03.26.47.20.75 &#8211; <a href=\"http:\/\/www.museelevergeur.com\/\" target=\"_blank\">le site internet<\/a><br \/>\nouvert tous les jours sauf le lundi de 14h \u00e0 18h<br \/>\npossibilit\u00e9 de visites le matin sur rendez-vous<br \/>\n<span style=\"text-decoration: underline;\">tarifs<\/span>\u00a0(2014): 5\u20ac par adulte (3\u20ac en tarif de groupe \u00e0 partir de 21 personnes)<br \/>\ngratuit pour les moins de 18 ans &#8211; 1\u20ac pour les \u00e9tudiants et ch\u00f4meurs<\/h4>\n<p>&nbsp;<\/p>\n","protected":false},"excerpt":{"rendered":"<p>Ce b\u00e2timent, situ\u00e9 Place du Forum, est class\u00e9 monument historique depuis 1916. Il porte le nom de son propri\u00e9taire au seizi\u00e8me si\u00e8cle, Nicolas Le Vergeur. Pourtant, il doit beaucoup aussi \u00e0 Hugues Krafft qui a permis de faire vivre le &hellip; <a href=\"https:\/\/bonnesadressesremoises.fr\/index.php\/musee-le-vergeur-reims\/\">Continuer la lecture <span class=\"meta-nav\">&rarr;<\/span><\/a><\/p>\n","protected":false},"author":2,"featured_media":0,"comment_status":"open","ping_status":"closed","sticky":false,"template":"","format":"standard","meta":{"footnotes":""},"categories":[24],"tags":[61],"class_list":["post-5805","post","type-post","status-publish","format-standard","hentry","category-dans-reims","tag-monument-historique"],"yoast_head":"<!-- This site is optimized with the Yoast SEO plugin v27.5 - https:\/\/yoast.com\/product\/yoast-seo-wordpress\/ -->\n<title>Mus\u00e9e-h\u00f4tel Le Vergeur # Bonnes Adresses R\u00e9moises<\/title>\n<meta name=\"description\" content=\"Ce b\u00e2timent, situ\u00e9 Place du Forum, est class\u00e9 monument historique depuis 1916. Il porte le nom de son propri\u00e9taire au seizi\u00e8me si\u00e8cle, Nicolas Le Vergeur.\" \/>\n<meta name=\"robots\" content=\"index, follow, max-snippet:-1, max-image-preview:large, max-video-preview:-1\" \/>\n<link rel=\"canonical\" href=\"https:\/\/bonnesadressesremoises.fr\/index.php\/musee-le-vergeur-reims\/\" \/>\n<meta name=\"twitter:label1\" content=\"\u00c9crit par\" \/>\n\t<meta name=\"twitter:data1\" content=\"bonnesadressesremoises.fr\" \/>\n\t<meta name=\"twitter:label2\" content=\"Dur\u00e9e de lecture estim\u00e9e\" \/>\n\t<meta name=\"twitter:data2\" content=\"2 minutes\" \/>\n<script type=\"application\/ld+json\" class=\"yoast-schema-graph\">{\"@context\":\"https:\\\/\\\/schema.org\",\"@graph\":[{\"@type\":\"Article\",\"@id\":\"https:\\\/\\\/bonnesadressesremoises.fr\\\/index.php\\\/musee-le-vergeur-reims\\\/#article\",\"isPartOf\":{\"@id\":\"https:\\\/\\\/bonnesadressesremoises.fr\\\/index.php\\\/musee-le-vergeur-reims\\\/\"},\"author\":{\"name\":\"bonnesadressesremoises.fr\",\"@id\":\"https:\\\/\\\/bonnesadressesremoises.fr\\\/#\\\/schema\\\/person\\\/23bf6fdaf1059471d3c6d236fdc5821e\"},\"headline\":\"Mus\u00e9e-h\u00f4tel Le Vergeur\",\"datePublished\":\"2014-02-27T17:32:00+00:00\",\"dateModified\":\"2014-04-26T08:30:50+00:00\",\"mainEntityOfPage\":{\"@id\":\"https:\\\/\\\/bonnesadressesremoises.fr\\\/index.php\\\/musee-le-vergeur-reims\\\/\"},\"wordCount\":316,\"commentCount\":0,\"image\":{\"@id\":\"https:\\\/\\\/bonnesadressesremoises.fr\\\/index.php\\\/musee-le-vergeur-reims\\\/#primaryimage\"},\"thumbnailUrl\":\"https:\\\/\\\/bonnesadressesremoises.fr\\\/wp-content\\\/uploads\\\/2014\\\/02\\\/Logo-savr.jpg\",\"keywords\":[\"monument historique\"],\"articleSection\":[\"Dans Reims\"],\"inLanguage\":\"fr-FR\",\"potentialAction\":[{\"@type\":\"CommentAction\",\"name\":\"Comment\",\"target\":[\"https:\\\/\\\/bonnesadressesremoises.fr\\\/index.php\\\/musee-le-vergeur-reims\\\/#respond\"]}]},{\"@type\":\"WebPage\",\"@id\":\"https:\\\/\\\/bonnesadressesremoises.fr\\\/index.php\\\/musee-le-vergeur-reims\\\/\",\"url\":\"https:\\\/\\\/bonnesadressesremoises.fr\\\/index.php\\\/musee-le-vergeur-reims\\\/\",\"name\":\"Mus\u00e9e-h\u00f4tel Le Vergeur # Bonnes Adresses R\u00e9moises\",\"isPartOf\":{\"@id\":\"https:\\\/\\\/bonnesadressesremoises.fr\\\/#website\"},\"primaryImageOfPage\":{\"@id\":\"https:\\\/\\\/bonnesadressesremoises.fr\\\/index.php\\\/musee-le-vergeur-reims\\\/#primaryimage\"},\"image\":{\"@id\":\"https:\\\/\\\/bonnesadressesremoises.fr\\\/index.php\\\/musee-le-vergeur-reims\\\/#primaryimage\"},\"thumbnailUrl\":\"https:\\\/\\\/bonnesadressesremoises.fr\\\/wp-content\\\/uploads\\\/2014\\\/02\\\/Logo-savr.jpg\",\"datePublished\":\"2014-02-27T17:32:00+00:00\",\"dateModified\":\"2014-04-26T08:30:50+00:00\",\"author\":{\"@id\":\"https:\\\/\\\/bonnesadressesremoises.fr\\\/#\\\/schema\\\/person\\\/23bf6fdaf1059471d3c6d236fdc5821e\"},\"description\":\"Ce b\u00e2timent, situ\u00e9 Place du Forum, est class\u00e9 monument historique depuis 1916. Il porte le nom de son propri\u00e9taire au seizi\u00e8me si\u00e8cle, Nicolas Le Vergeur.\",\"breadcrumb\":{\"@id\":\"https:\\\/\\\/bonnesadressesremoises.fr\\\/index.php\\\/musee-le-vergeur-reims\\\/#breadcrumb\"},\"inLanguage\":\"fr-FR\",\"potentialAction\":[{\"@type\":\"ReadAction\",\"target\":[\"https:\\\/\\\/bonnesadressesremoises.fr\\\/index.php\\\/musee-le-vergeur-reims\\\/\"]}]},{\"@type\":\"ImageObject\",\"inLanguage\":\"fr-FR\",\"@id\":\"https:\\\/\\\/bonnesadressesremoises.fr\\\/index.php\\\/musee-le-vergeur-reims\\\/#primaryimage\",\"url\":\"https:\\\/\\\/bonnesadressesremoises.fr\\\/wp-content\\\/uploads\\\/2014\\\/02\\\/Logo-savr.jpg\",\"contentUrl\":\"https:\\\/\\\/bonnesadressesremoises.fr\\\/wp-content\\\/uploads\\\/2014\\\/02\\\/Logo-savr.jpg\",\"width\":200,\"height\":273},{\"@type\":\"BreadcrumbList\",\"@id\":\"https:\\\/\\\/bonnesadressesremoises.fr\\\/index.php\\\/musee-le-vergeur-reims\\\/#breadcrumb\",\"itemListElement\":[{\"@type\":\"ListItem\",\"position\":1,\"name\":\"Home\",\"item\":\"https:\\\/\\\/bonnesadressesremoises.fr\\\/\"},{\"@type\":\"ListItem\",\"position\":2,\"name\":\"Bonnes Adresses\",\"item\":\"https:\\\/\\\/bonnesadressesremoises.fr\\\/index.php\\\/category\\\/bonnes-adresses-2\\\/\"},{\"@type\":\"ListItem\",\"position\":3,\"name\":\"Pour se promener\",\"item\":\"https:\\\/\\\/bonnesadressesremoises.fr\\\/index.php\\\/category\\\/bonnes-adresses-2\\\/pour-se-promener\\\/\"},{\"@type\":\"ListItem\",\"position\":4,\"name\":\"Dans Reims\",\"item\":\"https:\\\/\\\/bonnesadressesremoises.fr\\\/index.php\\\/category\\\/bonnes-adresses-2\\\/pour-se-promener\\\/dans-reims\\\/\"},{\"@type\":\"ListItem\",\"position\":5,\"name\":\"Mus\u00e9e-h\u00f4tel Le Vergeur\"}]},{\"@type\":\"WebSite\",\"@id\":\"https:\\\/\\\/bonnesadressesremoises.fr\\\/#website\",\"url\":\"https:\\\/\\\/bonnesadressesremoises.fr\\\/\",\"name\":\"Bonnes Adresses R\u00e9moises\",\"description\":\"Des bonnes adresses sur Reims!\",\"potentialAction\":[{\"@type\":\"SearchAction\",\"target\":{\"@type\":\"EntryPoint\",\"urlTemplate\":\"https:\\\/\\\/bonnesadressesremoises.fr\\\/?s={search_term_string}\"},\"query-input\":{\"@type\":\"PropertyValueSpecification\",\"valueRequired\":true,\"valueName\":\"search_term_string\"}}],\"inLanguage\":\"fr-FR\"},{\"@type\":\"Person\",\"@id\":\"https:\\\/\\\/bonnesadressesremoises.fr\\\/#\\\/schema\\\/person\\\/23bf6fdaf1059471d3c6d236fdc5821e\",\"name\":\"bonnesadressesremoises.fr\"}]}<\/script>\n<!-- \/ Yoast SEO plugin. -->","yoast_head_json":{"title":"Mus\u00e9e-h\u00f4tel Le Vergeur # Bonnes Adresses R\u00e9moises","description":"Ce b\u00e2timent, situ\u00e9 Place du Forum, est class\u00e9 monument historique depuis 1916. Il porte le nom de son propri\u00e9taire au seizi\u00e8me si\u00e8cle, Nicolas Le Vergeur.","robots":{"index":"index","follow":"follow","max-snippet":"max-snippet:-1","max-image-preview":"max-image-preview:large","max-video-preview":"max-video-preview:-1"},"canonical":"https:\/\/bonnesadressesremoises.fr\/index.php\/musee-le-vergeur-reims\/","twitter_misc":{"\u00c9crit par":"bonnesadressesremoises.fr","Dur\u00e9e de lecture estim\u00e9e":"2 minutes"},"schema":{"@context":"https:\/\/schema.org","@graph":[{"@type":"Article","@id":"https:\/\/bonnesadressesremoises.fr\/index.php\/musee-le-vergeur-reims\/#article","isPartOf":{"@id":"https:\/\/bonnesadressesremoises.fr\/index.php\/musee-le-vergeur-reims\/"},"author":{"name":"bonnesadressesremoises.fr","@id":"https:\/\/bonnesadressesremoises.fr\/#\/schema\/person\/23bf6fdaf1059471d3c6d236fdc5821e"},"headline":"Mus\u00e9e-h\u00f4tel Le Vergeur","datePublished":"2014-02-27T17:32:00+00:00","dateModified":"2014-04-26T08:30:50+00:00","mainEntityOfPage":{"@id":"https:\/\/bonnesadressesremoises.fr\/index.php\/musee-le-vergeur-reims\/"},"wordCount":316,"commentCount":0,"image":{"@id":"https:\/\/bonnesadressesremoises.fr\/index.php\/musee-le-vergeur-reims\/#primaryimage"},"thumbnailUrl":"https:\/\/bonnesadressesremoises.fr\/wp-content\/uploads\/2014\/02\/Logo-savr.jpg","keywords":["monument historique"],"articleSection":["Dans Reims"],"inLanguage":"fr-FR","potentialAction":[{"@type":"CommentAction","name":"Comment","target":["https:\/\/bonnesadressesremoises.fr\/index.php\/musee-le-vergeur-reims\/#respond"]}]},{"@type":"WebPage","@id":"https:\/\/bonnesadressesremoises.fr\/index.php\/musee-le-vergeur-reims\/","url":"https:\/\/bonnesadressesremoises.fr\/index.php\/musee-le-vergeur-reims\/","name":"Mus\u00e9e-h\u00f4tel Le Vergeur # Bonnes Adresses R\u00e9moises","isPartOf":{"@id":"https:\/\/bonnesadressesremoises.fr\/#website"},"primaryImageOfPage":{"@id":"https:\/\/bonnesadressesremoises.fr\/index.php\/musee-le-vergeur-reims\/#primaryimage"},"image":{"@id":"https:\/\/bonnesadressesremoises.fr\/index.php\/musee-le-vergeur-reims\/#primaryimage"},"thumbnailUrl":"https:\/\/bonnesadressesremoises.fr\/wp-content\/uploads\/2014\/02\/Logo-savr.jpg","datePublished":"2014-02-27T17:32:00+00:00","dateModified":"2014-04-26T08:30:50+00:00","author":{"@id":"https:\/\/bonnesadressesremoises.fr\/#\/schema\/person\/23bf6fdaf1059471d3c6d236fdc5821e"},"description":"Ce b\u00e2timent, situ\u00e9 Place du Forum, est class\u00e9 monument historique depuis 1916. Il porte le nom de son propri\u00e9taire au seizi\u00e8me si\u00e8cle, Nicolas Le Vergeur.","breadcrumb":{"@id":"https:\/\/bonnesadressesremoises.fr\/index.php\/musee-le-vergeur-reims\/#breadcrumb"},"inLanguage":"fr-FR","potentialAction":[{"@type":"ReadAction","target":["https:\/\/bonnesadressesremoises.fr\/index.php\/musee-le-vergeur-reims\/"]}]},{"@type":"ImageObject","inLanguage":"fr-FR","@id":"https:\/\/bonnesadressesremoises.fr\/index.php\/musee-le-vergeur-reims\/#primaryimage","url":"https:\/\/bonnesadressesremoises.fr\/wp-content\/uploads\/2014\/02\/Logo-savr.jpg","contentUrl":"https:\/\/bonnesadressesremoises.fr\/wp-content\/uploads\/2014\/02\/Logo-savr.jpg","width":200,"height":273},{"@type":"BreadcrumbList","@id":"https:\/\/bonnesadressesremoises.fr\/index.php\/musee-le-vergeur-reims\/#breadcrumb","itemListElement":[{"@type":"ListItem","position":1,"name":"Home","item":"https:\/\/bonnesadressesremoises.fr\/"},{"@type":"ListItem","position":2,"name":"Bonnes Adresses","item":"https:\/\/bonnesadressesremoises.fr\/index.php\/category\/bonnes-adresses-2\/"},{"@type":"ListItem","position":3,"name":"Pour se promener","item":"https:\/\/bonnesadressesremoises.fr\/index.php\/category\/bonnes-adresses-2\/pour-se-promener\/"},{"@type":"ListItem","position":4,"name":"Dans Reims","item":"https:\/\/bonnesadressesremoises.fr\/index.php\/category\/bonnes-adresses-2\/pour-se-promener\/dans-reims\/"},{"@type":"ListItem","position":5,"name":"Mus\u00e9e-h\u00f4tel Le Vergeur"}]},{"@type":"WebSite","@id":"https:\/\/bonnesadressesremoises.fr\/#website","url":"https:\/\/bonnesadressesremoises.fr\/","name":"Bonnes Adresses R\u00e9moises","description":"Des bonnes adresses sur Reims!","potentialAction":[{"@type":"SearchAction","target":{"@type":"EntryPoint","urlTemplate":"https:\/\/bonnesadressesremoises.fr\/?s={search_term_string}"},"query-input":{"@type":"PropertyValueSpecification","valueRequired":true,"valueName":"search_term_string"}}],"inLanguage":"fr-FR"},{"@type":"Person","@id":"https:\/\/bonnesadressesremoises.fr\/#\/schema\/person\/23bf6fdaf1059471d3c6d236fdc5821e","name":"bonnesadressesremoises.fr"}]}},"_links":{"self":[{"href":"https:\/\/bonnesadressesremoises.fr\/index.php\/wp-json\/wp\/v2\/posts\/5805","targetHints":{"allow":["GET"]}}],"collection":[{"href":"https:\/\/bonnesadressesremoises.fr\/index.php\/wp-json\/wp\/v2\/posts"}],"about":[{"href":"https:\/\/bonnesadressesremoises.fr\/index.php\/wp-json\/wp\/v2\/types\/post"}],"author":[{"embeddable":true,"href":"https:\/\/bonnesadressesremoises.fr\/index.php\/wp-json\/wp\/v2\/users\/2"}],"replies":[{"embeddable":true,"href":"https:\/\/bonnesadressesremoises.fr\/index.php\/wp-json\/wp\/v2\/comments?post=5805"}],"version-history":[{"count":0,"href":"https:\/\/bonnesadressesremoises.fr\/index.php\/wp-json\/wp\/v2\/posts\/5805\/revisions"}],"wp:attachment":[{"href":"https:\/\/bonnesadressesremoises.fr\/index.php\/wp-json\/wp\/v2\/media?parent=5805"}],"wp:term":[{"taxonomy":"category","embeddable":true,"href":"https:\/\/bonnesadressesremoises.fr\/index.php\/wp-json\/wp\/v2\/categories?post=5805"},{"taxonomy":"post_tag","embeddable":true,"href":"https:\/\/bonnesadressesremoises.fr\/index.php\/wp-json\/wp\/v2\/tags?post=5805"}],"curies":[{"name":"wp","href":"https:\/\/api.w.org\/{rel}","templated":true}]}}